{"id":2117,"date":"2017-08-24T11:53:02","date_gmt":"2017-08-24T09:53:02","guid":{"rendered":"http:\/\/montessori-halle.de\/cms\/?p=2117"},"modified":"2017-09-11T09:33:07","modified_gmt":"2017-09-11T07:33:07","slug":"25-jahre-montessori-grundschule","status":"publish","type":"post","link":"https:\/\/montessori-halle.de\/cms\/2017\/08\/24\/25-jahre-montessori-grundschule\/","title":{"rendered":"25 Jahre Montessori-Grundschule"},"content":{"rendered":"<p>In diesem Schuljahr feiern wir das 25 j\u00e4hrige Bestehen der Montessori-Schule Halle. Damit auch alle daran teilhaben k\u00f6nnen, ist schon viel f\u00fcr das frisch angebrochene Schuljahr geplant. Deshalb hier schon eimal ein kleiner Ausblick auf das, was uns dann alles erwartet:<br \/>\nAm 26.08.2017 gibt es im Luchs-Kino Halle die exclusive Urauff\u00fchrung unseres Geburtstagsfilmes, die 14.00 Uhr beginnt.<br \/>\nEinen knappen Monat sp\u00e4ter folgt dann am 23.09.2017 von 16:00 &#8211; 19:00 Uhr das Ehemaligentreffen in unserer Schule.<br \/>\nAm 14.04.2018 findet dann im Freylinghausensaal der Franckeschen Stiftungen die Festveranstaltung zu unserem 25. Geburtstag statt.<br \/>\nDiese Feierlichkeiten werden alle mit der Projektwoche vom 18.06 &#8211; 22.06.2018 und dem darin enthaltenen Schulfest f\u00fcr alle, am letzten Tag abgeschlossen.<\/p>\n<div id='gallery-1' class='gallery galleryid-2117 gallery-columns-1 gallery-size-large'><figure class='gallery-item'>\n\t\t\t<div class='gallery-icon landscape'>\n\t\t\t\t<a href='https:\/\/montessori-halle.de\/cms\/2017\/01\/16\/frohes-neues-jahr\/dsc04496\/'><img width=\"640\" height=\"426\" src=\"https:\/\/montessori-halle.de\/cms\/wp-content\/uploads\/2017\/01\/DSC04496-1024x682.jpg\" class=\"attachment-large size-large\" alt=\"\" loading=\"lazy\" srcset=\"https:\/\/montessori-halle.de\/cms\/wp-content\/uploads\/2017\/01\/DSC04496-1024x682.jpg 1024w, https:\/\/montessori-halle.de\/cms\/wp-content\/uploads\/2017\/01\/DSC04496-400x266.jpg 400w, https:\/\/montessori-halle.de\/cms\/wp-content\/uploads\/2017\/01\/DSC04496-177x118.jpg 177w, https:\/\/montessori-halle.de\/cms\/wp-content\/uploads\/2017\/01\/DSC04496-e1484572432197.jpg 1920w\" sizes=\"(max-width: 640px) 100vw, 640px\" \/><\/a>\n\t\t\t<\/div><\/figure>\n\t\t<\/div>\n\n","protected":false},"excerpt":{"rendered":"<p>In diesem Schuljahr feiern wir das 25 j\u00e4hrige Bestehen der Montessori-Schule Halle. Damit auch alle daran teilhaben k\u00f6nnen, ist schon viel f\u00fcr das frisch angebrochene Schuljahr geplant. Deshalb hier schon eimal ein kleiner Ausblick auf das, was uns dann alles erwartet: Am 26.08.2017 gibt es im Luchs-Kino Halle die exclusive Urauff\u00fchrung unseres Geburtstagsfilmes, die 14.00&#8230;<\/p>\n","protected":false},"author":2,"featured_media":1724,"comment_status":"closed","ping_status":"closed","sticky":false,"template":"","format":"standard","meta":[],"categories":[1],"tags":[],"_links":{"self":[{"href":"https:\/\/montessori-halle.de\/cms\/wp-json\/wp\/v2\/posts\/2117"}],"collection":[{"href":"https:\/\/montessori-halle.de\/cms\/wp-json\/wp\/v2\/posts"}],"about":[{"href":"https:\/\/montessori-halle.de\/cms\/wp-json\/wp\/v2\/types\/post"}],"author":[{"embeddable":true,"href":"https:\/\/montessori-halle.de\/cms\/wp-json\/wp\/v2\/users\/2"}],"replies":[{"embeddable":true,"href":"https:\/\/montessori-halle.de\/cms\/wp-json\/wp\/v2\/comments?post=2117"}],"version-history":[{"count":10,"href":"https:\/\/montessori-halle.de\/cms\/wp-json\/wp\/v2\/posts\/2117\/revisions"}],"predecessor-version":[{"id":2135,"href":"https:\/\/montessori-halle.de\/cms\/wp-json\/wp\/v2\/posts\/2117\/revisions\/2135"}],"wp:featuredmedia":[{"embeddable":true,"href":"https:\/\/montessori-halle.de\/cms\/wp-json\/wp\/v2\/media\/1724"}],"wp:attachment":[{"href":"https:\/\/montessori-halle.de\/cms\/wp-json\/wp\/v2\/media?parent=2117"}],"wp:term":[{"taxonomy":"category","embeddable":true,"href":"https:\/\/montessori-halle.de\/cms\/wp-json\/wp\/v2\/categories?post=2117"},{"taxonomy":"post_tag","embeddable":true,"href":"https:\/\/montessori-halle.de\/cms\/wp-json\/wp\/v2\/tags?post=2117"}],"curies":[{"name":"wp","href":"https:\/\/api.w.org\/{rel}","templated":true}]}}